{"id":3857,"date":"2024-04-16T14:05:48","date_gmt":"2024-04-16T12:05:48","guid":{"rendered":"https:\/\/energiris.coop\/?p=3857"},"modified":"2024-04-16T14:05:48","modified_gmt":"2024-04-16T12:05:48","slug":"fotovoltaische-installaties-een-record-voor-belgie-in-2023","status":"publish","type":"post","link":"http:\/\/energiris.coop\/nl\/voor-u-gelezen\/fotovoltaische-installaties-een-record-voor-belgie-in-2023\/","title":{"rendered":"Fotovolta\u00efsche installaties: een record voor Belgi\u00eb in 2023"},"content":{"rendered":"<blockquote><p>Artikel gepubliceerd door &#8220;Renouvelle&#8221; op 28 Feb 2024 <a href=\"https:\/\/www.renouvelle.be\/fr\/belgique-2023-record-installations-photovoltaiques\/?utm_source=brevo&amp;utm_campaign=Renouvelle%20-%20fv%2024&amp;utm_medium=email\">Fotovolta\u00efsche installaties: een record voor Belgi\u00eb in 2023 &#8211; Renouvelle<\/a><\/p><\/blockquote>\n<p>In <strong>2023<\/strong> vestigde Belgi\u00eb een <strong>record<\/strong> voor <strong>fotovolta\u00efsche installaties<\/strong>, met een ge\u00efnstalleerd vermogen van <strong>1,8 GWp<\/strong>. Dit vertegenwoordigt een stijging van <strong>70%<\/strong> ten opzichte van het voorgaande jaar, wat de totale cumulatieve capaciteit op bijna <strong>10 GWp<\/strong> brengt. Hier zijn de hoogtepunten van het artikel:<\/p>\n<p>1. <strong>Vlaanderen<\/strong>: De noordelijke regio van het land kende de sterkste groei in fotovolta\u00efsche installaties, met <strong>1,4 GWp<\/strong> (gelijk aan het vermogen van een van de twee kernreactoren die gepland zijn voor Flamanville). Vlaanderen noteerde een spectaculaire groei van <strong>60%<\/strong> ten opzichte van het voorgaande jaar en overtrof daarmee zijn eigen record van <strong>2020<\/strong>.<\/p>\n<p>2. <strong>Residenti\u00eble sector<\/strong>: In het <strong>Vlaamse Gewest<\/strong> speelde de residenti\u00eble sector een belangrijke rol, goed voor <strong>65%<\/strong> van de totale ge\u00efnstalleerde capaciteit. Systemen van minder dan <strong>10 kVA<\/strong> kregen de voorkeur. Verschillende factoren hebben bijgedragen tot deze prestatie, waaronder het voortduren van de energiecrisis <strong>van 2022<\/strong>, het einde van de investeringspremie, de tijdelijke verlaging van de btw en het einde van de subsidie voor huishoudelijke batterijen.<\/p>\n<p>3. <strong>Walloni\u00eb<\/strong>: Walloni\u00eb investeerde massaal in <strong>2023<\/strong> en overtrof het vorige record uit <strong>2012<\/strong>. Met <strong>426 MWp<\/strong> aangesloten op het Waalse net (een stijging van <strong>76%<\/strong> ten opzichte van het jaar daarvoor) speelde de residenti\u00eble sector een dominante rol, goed voor <strong>82%<\/strong> van de extra capaciteit die aan het elektriciteitsnet werd toegevoegd. Deze toename zorgde echter voor een aantal problemen met afschakeling op bepaalde delen van het net die niet versterkt waren.<\/p>\n<p><a href=\"https:\/\/www.renouvelle.be\/fr\/belgique-2023-record-installations-photovoltaiques\/\">Bovendien werd <strong>3 juni 2023<\/strong> de meest productieve dag in termen van zonne-energie ooit in Belgi\u00eb, met een productie van <strong>48,8 GWh<\/strong>, waarmee het vorige record van <strong>41 GWh<\/strong> uit <strong>2022<\/strong> werd overtroffen.<\/a><\/p>\n","protected":false},"excerpt":{"rendered":"<p>Artikel gepubliceerd door &#8220;Renouvelle&#8221; op 28 Feb 2024 Fotovolta\u00efsche installaties: een record voor Belgi\u00eb in 2023 &#8211; Renouvelle In 2023 vestigde Belgi\u00eb een record voor fotovolta\u00efsche installaties, met een ge\u00efnstalleerd vermogen van 1,8 GWp. Dit vertegenwoordigt een stijging van 70% ten opzichte van het voorgaande jaar, wat de totale cumulatieve capaciteit op bijna 10 GWp [&hellip;]<\/p>\n","protected":false},"author":735,"featured_media":0,"comment_status":"closed","ping_status":"open","sticky":false,"template":"","format":"standard","meta":{"footnotes":""},"categories":[108],"tags":[114,111],"class_list":["post-3857","post","type-post","status-publish","format-standard","hentry","category-voor-u-gelezen","tag-enegetische-transitie","tag-fotovoltaische-energie"],"_links":{"self":[{"href":"http:\/\/energiris.coop\/nl\/wp-json\/wp\/v2\/posts\/3857","targetHints":{"allow":["GET"]}}],"collection":[{"href":"http:\/\/energiris.coop\/nl\/wp-json\/wp\/v2\/posts"}],"about":[{"href":"http:\/\/energiris.coop\/nl\/wp-json\/wp\/v2\/types\/post"}],"author":[{"embeddable":true,"href":"http:\/\/energiris.coop\/nl\/wp-json\/wp\/v2\/users\/735"}],"replies":[{"embeddable":true,"href":"http:\/\/energiris.coop\/nl\/wp-json\/wp\/v2\/comments?post=3857"}],"version-history":[{"count":1,"href":"http:\/\/energiris.coop\/nl\/wp-json\/wp\/v2\/posts\/3857\/revisions"}],"predecessor-version":[{"id":3858,"href":"http:\/\/energiris.coop\/nl\/wp-json\/wp\/v2\/posts\/3857\/revisions\/3858"}],"wp:attachment":[{"href":"http:\/\/energiris.coop\/nl\/wp-json\/wp\/v2\/media?parent=3857"}],"wp:term":[{"taxonomy":"category","embeddable":true,"href":"http:\/\/energiris.coop\/nl\/wp-json\/wp\/v2\/categories?post=3857"},{"taxonomy":"post_tag","embeddable":true,"href":"http:\/\/energiris.coop\/nl\/wp-json\/wp\/v2\/tags?post=3857"}],"curies":[{"name":"wp","href":"https:\/\/api.w.org\/{rel}","templated":true}]}}